[{"@context":"https:\/\/schema.org\/","@type":"Article","@id":"https:\/\/www.mipem.cz\/velky-vypadek-socialnich-siti\/#Article","mainEntityOfPage":"https:\/\/www.mipem.cz\/velky-vypadek-socialnich-siti\/","headline":"Velk\u00fd v\u00fdpadek soci\u00e1ln\u00edch s\u00edt\u00ed","name":"Velk\u00fd v\u00fdpadek soci\u00e1ln\u00edch s\u00edt\u00ed","description":"Jist\u011b jste 3. \u010dervence zaznamenali v\u00fdpadek soci\u00e1ln\u00edch s\u00edt\u00ed, p\u0159edev\u0161\u00edm Facebooku, Instagramu a Whatsappu. V\u00fdpadek trval n\u011bkolik hodin, nej\u010dast\u011bj\u0161\u00edm probl\u00e9mem bylo chybn\u00e9 nahr\u00e1v\u00e1n\u00ed a nena\u010d\u00edt\u00e1n\u00ed obr\u00e1zk\u016f. Ji\u017e kolem 3. hodiny odpoledne se za\u010daly objevovat hl\u00e1\u0161en\u00ed na str\u00e1nce DownDetector, kde si m\u016f\u017eete zjistit, zda-li chyby p\u0159i prohl\u00ed\u017een\u00ed n\u011bjak\u00e9 aplikace nejsou zp\u016fsoben\u00e9 jej\u00edm v\u00fdpadkem. \u00a0\u00a0\u00a0\u00a0\u00a0\u00a0\u00a0\u00a0\u00a0\u00a0\u00a0 Nej\u010dast\u011bj\u0161\u00ed ozn\u00e1men\u00ed o ... <a href=\"https:\/\/www.mipem.cz\/velky-vypadek-socialnich-siti\/\" class=\"more-link\">P\u0159e\u010d\u00edst<span class=\"screen-reader-text\"> \"Velk\u00fd v\u00fdpadek soci\u00e1ln\u00edch s\u00edt\u00ed\"<\/span> &raquo;<\/a>","datePublished":"2019-06-12","dateModified":"2023-05-26","author":{"@type":"Person","@id":"https:\/\/www.mipem.cz\/author\/devene\/#Person","name":"devene","url":"https:\/\/www.mipem.cz\/author\/devene\/","identifier":1,"image":{"@type":"ImageObject","@id":"https:\/\/secure.gravatar.com\/avatar\/1fd5b20daa9a47a1102459a7c733d369075d8cc724ab489feb8ed72c657d346e?s=96&d=mm&r=g","url":"https:\/\/secure.gravatar.com\/avatar\/1fd5b20daa9a47a1102459a7c733d369075d8cc724ab489feb8ed72c657d346e?s=96&d=mm&r=g","height":96,"width":96}},"publisher":{"@type":"Organization","name":"mipem.cz","logo":{"@type":"ImageObject","@id":"\/logo.png","url":"\/logo.png","width":600,"height":60}},"image":{"@type":"ImageObject","@id":"https:\/\/www.mipem.cz\/wp-content\/uploads\/img_a348932_w2815_t1563704739.jpg","url":"https:\/\/www.mipem.cz\/wp-content\/uploads\/img_a348932_w2815_t1563704739.jpg","height":0,"width":0},"url":"https:\/\/www.mipem.cz\/velky-vypadek-socialnich-siti\/","wordCount":396,"articleBody":"Jist\u011b jste 3. \u010dervence zaznamenali v\u00fdpadek soci\u00e1ln\u00edch s\u00edt\u00ed, p\u0159edev\u0161\u00edm Facebooku, Instagramu a Whatsappu. V\u00fdpadek trval n\u011bkolik hodin, nej\u010dast\u011bj\u0161\u00edm probl\u00e9mem bylo chybn\u00e9 nahr\u00e1v\u00e1n\u00ed a nena\u010d\u00edt\u00e1n\u00ed obr\u00e1zk\u016f. Ji\u017e kolem 3. hodiny odpoledne se za\u010daly objevovat hl\u00e1\u0161en\u00ed na str\u00e1nce DownDetector, kde si m\u016f\u017eete zjistit, zda-li chyby p\u0159i prohl\u00ed\u017een\u00ed n\u011bjak\u00e9 aplikace nejsou zp\u016fsoben\u00e9 jej\u00edm v\u00fdpadkem.\u00a0\u00a0\u00a0\u00a0\u00a0\u00a0\u00a0\u00a0\u00a0\u00a0\u00a0 Nej\u010dast\u011bj\u0161\u00ed ozn\u00e1men\u00ed o v\u00fdpadku prob\u00edhaly na \u00fazem\u00ed Evropy, tud\u00ed\u017e i v \u010cesk\u00e9 republice, a na \u00fazem\u00ed Severn\u00ed Ameriky. Probl\u00e9m p\u0159etrv\u00e1val a\u017e do pozdn\u00edch ve\u010dern\u00edch hodin. Objevily se probl\u00e9my s na\u010d\u00edt\u00e1n\u00edm fotografi\u00ed na Messengeru, Instagramu a Whatsappu. Na Facebooku se m\u00edsto fotografi\u00ed objevily popisy vytvo\u0159en\u00e9 um\u011blou inteligenc\u00ed.\u00a0\u00a0\u00a0\u00a0\u00a0\u00a0\u00a0\u00a0\u00a0\u00a0\u00a0 Druh\u00e9ho dne se objevilo prohl\u00e1\u0161en\u00ed firmy, \u017ee d\u016fvodem v\u00fdpadku byla b\u011b\u017en\u00e1 rutinn\u00ed \u00fadr\u017eba. P\u0159i v\u00fdpadku, kter\u00fd prob\u011bhl v b\u0159eznu, se firma zm\u00ednila o tom, \u017ee bude od\u0161kod\u0148ovat podnikatele, kte\u0159\u00ed plat\u00ed za reklamu na t\u011bchto s\u00edt\u00edch, za ztr\u00e1tu zp\u016fsobenou pr\u00e1v\u011b t\u00edmto probl\u00e9mem. Nyn\u00ed v\u0161ak \u017e\u00e1dn\u00e9 prohl\u00e1\u0161en\u00ed Facebook nevydal, proto je n\u011bco podobn\u00e9ho sp\u00ed\u0161e nere\u00e1ln\u00e9.\u00a0\u00a0\u00a0\u00a0\u00a0\u00a0\u00a0\u00a0\u00a0\u00a0\u00a0 Naopak si ale z tohoto v\u00fdpadku mnoh\u00e9 firmy a dal\u0161\u00ed magaz\u00edny o technice odnesly zaj\u00edmav\u00fd poznatek. D\u00edky chyb\u011b p\u0159i zobrazov\u00e1n\u00ed obr\u00e1zku jste si mohli v m\u00edst\u011b, kde m\u011bla b\u00fdt um\u00edst\u011bna fotografie, p\u0159e\u010d\u00edst popis um\u011bl\u00e9 inteligence, co se na obr\u00e1zku nach\u00e1z\u00ed. Tyto popisy byly p\u0159esn\u00e9, tud\u00ed\u017e m\u016f\u017eeme odhadovat, \u017ee je dnes um\u011bl\u00e1 inteligence na opravdu pokro\u010dil\u00e9 \u00farovni.\u00a0\u00a0\u00a0\u00a0\u00a0\u00a0\u00a0\u00a0\u00a0\u00a0\u00a0 V posledn\u00edch m\u011bs\u00edc\u00edch se objevilo mnoho masivn\u00edch v\u00fdpadk\u016f, kter\u00e9 u\u017eivatele odpoutaly od soci\u00e1ln\u00edch s\u00edt\u00ed na n\u011bkolik hodin. Pokud se jedn\u00e1 tedy opravdu pouze o chybu p\u0159i \u00fadr\u017eb\u011b, m\u016f\u017eeme snad jen doufat, \u017ee si Facebook d\u00e1 z\u00e1le\u017eet na dal\u0161\u00edch \u00faprav\u00e1ch tak, aby aplikace spolu s dal\u0161\u00edmi, kter\u00e9 pod n\u011bj spadaj\u00ed, d\u00e1le fungovaly tak, jak by m\u011bly. Jeliko\u017e se jedn\u00e1 o jedny z nejpou\u017e\u00edvan\u011bj\u0161\u00edch aplikac\u00ed, je t\u0159eba pro jejich udr\u017een\u00ed vyvinout v\u011bt\u0161\u00ed snahu.                                                                                                                                                                                                                                                                                                                                                                                                "},{"@context":"https:\/\/schema.org\/","@type":"BreadcrumbList","itemListElement":[{"@type":"ListItem","position":1,"name":"Velk\u00fd v\u00fdpadek soci\u00e1ln\u00edch s\u00edt\u00ed","item":"https:\/\/www.mipem.cz\/velky-vypadek-socialnich-siti\/#breadcrumbitem"}]}]