[{"@context":"https:\/\/schema.org\/","@type":"Article","@id":"https:\/\/www.mipem.cz\/prakticke-elegantni-a-ucelne-vybavene-je-nezbytnosti\/#Article","mainEntityOfPage":"https:\/\/www.mipem.cz\/prakticke-elegantni-a-ucelne-vybavene-je-nezbytnosti\/","headline":"Praktick\u00e9, elegantn\u00ed a \u00fa\u010deln\u00e9 vybaven\u00e9 je nezbytnost\u00ed","name":"Praktick\u00e9, elegantn\u00ed a \u00fa\u010deln\u00e9 vybaven\u00e9 je nezbytnost\u00ed","description":"Abyste si zimn\u00ed zahradu, k jej\u00edmu\u017e po\u0159\u00edzen\u00ed se chyst\u00e1te, co nejv\u00edce z\u00fatulnili, nezapome\u0148te p\u0159em\u00fd\u0161let i nad jej\u00edm vybaven\u00edm v odpo\u010dinkov\u00e9 z\u00f3n\u011b. Odpo\u010dinkov\u00e1 z\u00f3na, ale i cel\u00fd prostor va\u0161eho takzvan\u00e9ho klimatick\u00e9ho n\u00e1razn\u00edku mezi venkovn\u00edm prostorem a interi\u00e9rem va\u0161eho domu, by toti\u017e m\u011bly p\u016fsobit odleh\u010den\u011b a \u00fatuln\u011b. Pro dobr\u00fd pocit Zimn\u00ed zahrady je proto dobr\u00e9 vybavit nap\u0159\u00edklad ... <a href=\"https:\/\/www.mipem.cz\/prakticke-elegantni-a-ucelne-vybavene-je-nezbytnosti\/\" class=\"more-link\">P\u0159e\u010d\u00edst<span class=\"screen-reader-text\"> \"Praktick\u00e9, elegantn\u00ed a \u00fa\u010deln\u00e9 vybaven\u00e9 je nezbytnost\u00ed\"<\/span> &raquo;<\/a>","datePublished":"2024-11-14","dateModified":"2024-11-14","author":{"@type":"Person","@id":"https:\/\/www.mipem.cz\/author\/devene\/#Person","name":"devene","url":"https:\/\/www.mipem.cz\/author\/devene\/","identifier":1,"image":{"@type":"ImageObject","@id":"https:\/\/secure.gravatar.com\/avatar\/1fd5b20daa9a47a1102459a7c733d369075d8cc724ab489feb8ed72c657d346e?s=96&d=mm&r=g","url":"https:\/\/secure.gravatar.com\/avatar\/1fd5b20daa9a47a1102459a7c733d369075d8cc724ab489feb8ed72c657d346e?s=96&d=mm&r=g","height":96,"width":96}},"publisher":{"@type":"Organization","name":"mipem.cz","logo":{"@type":"ImageObject","@id":"\/logo.png","url":"\/logo.png","width":600,"height":60}},"url":"https:\/\/www.mipem.cz\/prakticke-elegantni-a-ucelne-vybavene-je-nezbytnosti\/","wordCount":158,"articleBody":"Abyste si zimn\u00ed zahradu, k jej\u00edmu\u017e po\u0159\u00edzen\u00ed se chyst\u00e1te, co nejv\u00edce z\u00fatulnili, nezapome\u0148te p\u0159em\u00fd\u0161let i nad jej\u00edm vybaven\u00edm v odpo\u010dinkov\u00e9 z\u00f3n\u011b. Odpo\u010dinkov\u00e1 z\u00f3na, ale i cel\u00fd prostor va\u0161eho takzvan\u00e9ho klimatick\u00e9ho n\u00e1razn\u00edku mezi venkovn\u00edm prostorem a interi\u00e9rem va\u0161eho domu, by toti\u017e m\u011bly p\u016fsobit odleh\u010den\u011b a \u00fatuln\u011b.\tPro dobr\u00fd pocitZimn\u00ed zahrady je proto dobr\u00e9 vybavit nap\u0159\u00edklad lehk\u00fdm ratanov\u00fdm n\u00e1bytkem, dopln\u011bn\u00fdm stylovou ratanovou sk\u0159\u00ed\u0148kou nebo poli\u010dkou. Je v\u0161ak \u00fapln\u011b jedno, pro jak\u00fd n\u00e1bytek a dopl\u0148ky a z jak\u00e9ho materi\u00e1lu se rozhodnete. Hlavn\u011b, \u017ee se ve va\u0161em nov\u011b nabyt\u00e9m obytn\u00e9m prostoru budete c\u00edtit dob\u0159e nejen vy, ale i va\u0161e n\u00e1v\u0161t\u011bvy a tak\u00e9 va\u0161i rostlinn\u00ed spoluobyvatel\u00e9, na jejich\u017e pohodl\u00ed tak\u00e9 nesm\u00edte zapom\u00ednat.                                                                                                                                                                                                                                                                                                                                                                                                "},{"@context":"https:\/\/schema.org\/","@type":"BreadcrumbList","itemListElement":[{"@type":"ListItem","position":1,"name":"Praktick\u00e9, elegantn\u00ed a \u00fa\u010deln\u00e9 vybaven\u00e9 je nezbytnost\u00ed","item":"https:\/\/www.mipem.cz\/prakticke-elegantni-a-ucelne-vybavene-je-nezbytnosti\/#breadcrumbitem"}]}]