[{"@context":"https:\/\/schema.org\/","@type":"Blog","@id":"https:\/\/www.mipem.cz#Blog","headline":"Mipem","description":"\nA\u0165 u\u017e je \u010dlov\u011bk k\u00fdmkoliv a \u017eije kdekoliv a jakkoliv, pot\u0159ebuje pen\u00edze. A chce-li \u017e\u00edt norm\u00e1ln\u011b, nem\u011bl by nikdy vzd\u00e1t snahu si je v\u00a0dostate\u010dn\u00e9m mno\u017estv\u00ed vyd\u011blat.","url":"https:\/\/www.mipem.cz","hasPart":[{"@type":"Article","@id":"https:\/\/www.mipem.cz\/kdo-za-vas-umyje-okna-v-dome\/","headline":"Kdo za v\u00e1s umyje okna v dom\u011b","url":"https:\/\/www.mipem.cz\/kdo-za-vas-umyje-okna-v-dome\/","datePublished":"2023-01-10","dateModified":"2023-05-26","mainEntityOfPage":"https:\/\/www.mipem.cz\/kdo-za-vas-umyje-okna-v-dome\/","author":{"@type":"Person","@id":"https:\/\/www.mipem.cz\/author\/devene\/#Person","name":"devene","url":"https:\/\/www.mipem.cz\/author\/devene\/","identifier":1,"image":{"@type":"ImageObject","@id":"https:\/\/secure.gravatar.com\/avatar\/1fd5b20daa9a47a1102459a7c733d369075d8cc724ab489feb8ed72c657d346e?s=96&d=mm&r=g","url":"https:\/\/secure.gravatar.com\/avatar\/1fd5b20daa9a47a1102459a7c733d369075d8cc724ab489feb8ed72c657d346e?s=96&d=mm&r=g","height":96,"width":96}},"publisher":{"@type":"Organization","name":"mipem.cz","logo":{"@type":"ImageObject","@id":"\/logo.png","url":"\/logo.png","width":600,"height":60}},"image":{"@type":"ImageObject","@id":"https:\/\/www.mipem.cz\/wp-content\/uploads\/hungary-gf5d942e69_640.jpg","url":"https:\/\/www.mipem.cz\/wp-content\/uploads\/hungary-gf5d942e69_640.jpg","height":0,"width":0},"wordCount":644,"keywords":null},{"@type":"Article","@id":"https:\/\/www.mipem.cz\/betonove-ploty-mohou-vas-pozemek-zdobit\/","headline":"Betonov\u00e9 ploty mohou v\u00e1\u0161 pozemek zdobit","url":"https:\/\/www.mipem.cz\/betonove-ploty-mohou-vas-pozemek-zdobit\/","datePublished":"2022-12-26","dateModified":"2023-05-26","mainEntityOfPage":"https:\/\/www.mipem.cz\/betonove-ploty-mohou-vas-pozemek-zdobit\/","author":{"@type":"Person","@id":"https:\/\/www.mipem.cz\/author\/devene\/#Person","name":"devene","url":"https:\/\/www.mipem.cz\/author\/devene\/","identifier":1,"image":{"@type":"ImageObject","@id":"https:\/\/secure.gravatar.com\/avatar\/1fd5b20daa9a47a1102459a7c733d369075d8cc724ab489feb8ed72c657d346e?s=96&d=mm&r=g","url":"https:\/\/secure.gravatar.com\/avatar\/1fd5b20daa9a47a1102459a7c733d369075d8cc724ab489feb8ed72c657d346e?s=96&d=mm&r=g","height":96,"width":96}},"publisher":{"@type":"Organization","name":"mipem.cz","logo":{"@type":"ImageObject","@id":"\/logo.png","url":"\/logo.png","width":600,"height":60}},"image":{"@type":"ImageObject","@id":"https:\/\/www.mipem.cz\/wp-content\/uploads\/fern-gfa70c359a_640.jpg","url":"https:\/\/www.mipem.cz\/wp-content\/uploads\/fern-gfa70c359a_640.jpg","height":0,"width":0},"wordCount":575,"keywords":null},{"@type":"Article","@id":"https:\/\/www.mipem.cz\/proc-je-nutna-pravidelna-revize-vzduchotechniky\/","headline":"Pro\u010d je nutn\u00e1 pravideln\u00e1 revize vzduchotechniky","url":"https:\/\/www.mipem.cz\/proc-je-nutna-pravidelna-revize-vzduchotechniky\/","datePublished":"2022-07-09","dateModified":"2023-05-26","mainEntityOfPage":"https:\/\/www.mipem.cz\/proc-je-nutna-pravidelna-revize-vzduchotechniky\/","author":{"@type":"Person","@id":"https:\/\/www.mipem.cz\/author\/devene\/#Person","name":"devene","url":"https:\/\/www.mipem.cz\/author\/devene\/","identifier":1,"image":{"@type":"ImageObject","@id":"https:\/\/secure.gravatar.com\/avatar\/1fd5b20daa9a47a1102459a7c733d369075d8cc724ab489feb8ed72c657d346e?s=96&d=mm&r=g","url":"https:\/\/secure.gravatar.com\/avatar\/1fd5b20daa9a47a1102459a7c733d369075d8cc724ab489feb8ed72c657d346e?s=96&d=mm&r=g","height":96,"width":96}},"publisher":{"@type":"Organization","name":"mipem.cz","logo":{"@type":"ImageObject","@id":"\/logo.png","url":"\/logo.png","width":600,"height":60}},"image":{"@type":"ImageObject","@id":"https:\/\/www.mipem.cz\/wp-content\/uploads\/vzduchotechnika2_5.jpg","url":"https:\/\/www.mipem.cz\/wp-content\/uploads\/vzduchotechnika2_5.jpg","height":0,"width":0},"wordCount":661,"keywords":null},{"@type":"Article","@id":"https:\/\/www.mipem.cz\/stehovani-je-bajecna-prilezitost-k-velkemu-uklidu\/","headline":"St\u011bhov\u00e1n\u00ed je b\u00e1je\u010dn\u00e1 p\u0159\u00edle\u017eitost k velk\u00e9mu \u00faklidu","url":"https:\/\/www.mipem.cz\/stehovani-je-bajecna-prilezitost-k-velkemu-uklidu\/","datePublished":"2022-07-08","dateModified":"2023-05-26","mainEntityOfPage":"https:\/\/www.mipem.cz\/stehovani-je-bajecna-prilezitost-k-velkemu-uklidu\/","author":{"@type":"Person","@id":"https:\/\/www.mipem.cz\/author\/devene\/#Person","name":"devene","url":"https:\/\/www.mipem.cz\/author\/devene\/","identifier":1,"image":{"@type":"ImageObject","@id":"https:\/\/secure.gravatar.com\/avatar\/1fd5b20daa9a47a1102459a7c733d369075d8cc724ab489feb8ed72c657d346e?s=96&d=mm&r=g","url":"https:\/\/secure.gravatar.com\/avatar\/1fd5b20daa9a47a1102459a7c733d369075d8cc724ab489feb8ed72c657d346e?s=96&d=mm&r=g","height":96,"width":96}},"publisher":{"@type":"Organization","name":"mipem.cz","logo":{"@type":"ImageObject","@id":"\/logo.png","url":"\/logo.png","width":600,"height":60}},"image":{"@type":"ImageObject","@id":"https:\/\/www.mipem.cz\/wp-content\/uploads\/neratovice-2372333_640.jpg","url":"https:\/\/www.mipem.cz\/wp-content\/uploads\/neratovice-2372333_640.jpg","height":0,"width":0},"wordCount":655,"keywords":null},{"@type":"Article","@id":"https:\/\/www.mipem.cz\/jsme-clenem-eu\/","headline":"Jsme \u010dlenem EU","url":"https:\/\/www.mipem.cz\/jsme-clenem-eu\/","datePublished":"2022-06-18","dateModified":"2023-05-26","mainEntityOfPage":"https:\/\/www.mipem.cz\/jsme-clenem-eu\/","author":{"@type":"Person","@id":"https:\/\/www.mipem.cz\/author\/devene\/#Person","name":"devene","url":"https:\/\/www.mipem.cz\/author\/devene\/","identifier":1,"image":{"@type":"ImageObject","@id":"https:\/\/secure.gravatar.com\/avatar\/1fd5b20daa9a47a1102459a7c733d369075d8cc724ab489feb8ed72c657d346e?s=96&d=mm&r=g","url":"https:\/\/secure.gravatar.com\/avatar\/1fd5b20daa9a47a1102459a7c733d369075d8cc724ab489feb8ed72c657d346e?s=96&d=mm&r=g","height":96,"width":96}},"publisher":{"@type":"Organization","name":"mipem.cz","logo":{"@type":"ImageObject","@id":"\/logo.png","url":"\/logo.png","width":600,"height":60}},"image":{"@type":"ImageObject","@id":"https:\/\/www.mipem.cz\/wp-content\/uploads\/european-union-ga9deedc4b_640.png","url":"https:\/\/www.mipem.cz\/wp-content\/uploads\/european-union-ga9deedc4b_640.png","height":0,"width":0},"wordCount":619,"keywords":null},{"@type":"Article","@id":"https:\/\/www.mipem.cz\/jak-za-pomoci-obleceni-vypadat-stihlejsi\/","headline":"Jak za pomoci oble\u010den\u00ed vypadat \u0161t\u00edhlej\u0161\u00ed?","url":"https:\/\/www.mipem.cz\/jak-za-pomoci-obleceni-vypadat-stihlejsi\/","datePublished":"2022-05-30","dateModified":"2023-05-26","mainEntityOfPage":"https:\/\/www.mipem.cz\/jak-za-pomoci-obleceni-vypadat-stihlejsi\/","author":{"@type":"Person","@id":"https:\/\/www.mipem.cz\/author\/devene\/#Person","name":"devene","url":"https:\/\/www.mipem.cz\/author\/devene\/","identifier":1,"image":{"@type":"ImageObject","@id":"https:\/\/secure.gravatar.com\/avatar\/1fd5b20daa9a47a1102459a7c733d369075d8cc724ab489feb8ed72c657d346e?s=96&d=mm&r=g","url":"https:\/\/secure.gravatar.com\/avatar\/1fd5b20daa9a47a1102459a7c733d369075d8cc724ab489feb8ed72c657d346e?s=96&d=mm&r=g","height":96,"width":96}},"publisher":{"@type":"Organization","name":"mipem.cz","logo":{"@type":"ImageObject","@id":"\/logo.png","url":"\/logo.png","width":600,"height":60}},"image":{"@type":"ImageObject","@id":"https:\/\/www.mipem.cz\/wp-content\/uploads\/pexels-jennifer-enujiugha-2395921_1.jpg","url":"https:\/\/www.mipem.cz\/wp-content\/uploads\/pexels-jennifer-enujiugha-2395921_1.jpg","height":0,"width":0},"wordCount":478,"keywords":null},{"@type":"Article","@id":"https:\/\/www.mipem.cz\/bez-penez-se-neobejdeme\/","headline":"Bez pen\u011bz se neobejdeme","url":"https:\/\/www.mipem.cz\/bez-penez-se-neobejdeme\/","datePublished":"2022-05-27","dateModified":"2022-05-27","mainEntityOfPage":"https:\/\/www.mipem.cz\/bez-penez-se-neobejdeme\/","author":{"@type":"Person","@id":"https:\/\/www.mipem.cz\/author\/devene\/#Person","name":"devene","url":"https:\/\/www.mipem.cz\/author\/devene\/","identifier":1,"image":{"@type":"ImageObject","@id":"https:\/\/secure.gravatar.com\/avatar\/1fd5b20daa9a47a1102459a7c733d369075d8cc724ab489feb8ed72c657d346e?s=96&d=mm&r=g","url":"https:\/\/secure.gravatar.com\/avatar\/1fd5b20daa9a47a1102459a7c733d369075d8cc724ab489feb8ed72c657d346e?s=96&d=mm&r=g","height":96,"width":96}},"publisher":{"@type":"Organization","name":"mipem.cz","logo":{"@type":"ImageObject","@id":"\/logo.png","url":"\/logo.png","width":600,"height":60}},"image":{"@type":"ImageObject","@id":"https:\/\/www.mipem.cz\/wp-content\/uploads\/dv%C4%9B%20mince_10_9.jpg","url":"https:\/\/www.mipem.cz\/wp-content\/uploads\/dv%C4%9B%20mince_10_9.jpg","height":0,"width":0},"wordCount":597,"keywords":null},{"@type":"Article","@id":"https:\/\/www.mipem.cz\/cely-den-za-pocitacem-aneb-jak-si-neznicit-zdravi\/","headline":"Cel\u00fd den za po\u010d\u00edta\u010dem, aneb jak si nezni\u010dit zdrav\u00ed","url":"https:\/\/www.mipem.cz\/cely-den-za-pocitacem-aneb-jak-si-neznicit-zdravi\/","datePublished":"2022-04-26","dateModified":"2023-05-26","mainEntityOfPage":"https:\/\/www.mipem.cz\/cely-den-za-pocitacem-aneb-jak-si-neznicit-zdravi\/","author":{"@type":"Person","@id":"https:\/\/www.mipem.cz\/author\/devene\/#Person","name":"devene","url":"https:\/\/www.mipem.cz\/author\/devene\/","identifier":1,"image":{"@type":"ImageObject","@id":"https:\/\/secure.gravatar.com\/avatar\/1fd5b20daa9a47a1102459a7c733d369075d8cc724ab489feb8ed72c657d346e?s=96&d=mm&r=g","url":"https:\/\/secure.gravatar.com\/avatar\/1fd5b20daa9a47a1102459a7c733d369075d8cc724ab489feb8ed72c657d346e?s=96&d=mm&r=g","height":96,"width":96}},"publisher":{"@type":"Organization","name":"mipem.cz","logo":{"@type":"ImageObject","@id":"\/logo.png","url":"\/logo.png","width":600,"height":60}},"image":{"@type":"ImageObject","@id":"https:\/\/www.mipem.cz\/wp-content\/uploads\/laptop-5673901_640.jpg","url":"https:\/\/www.mipem.cz\/wp-content\/uploads\/laptop-5673901_640.jpg","height":0,"width":0},"wordCount":548,"keywords":null},{"@type":"Article","@id":"https:\/\/www.mipem.cz\/mate-radi-kulturu\/","headline":"M\u00e1te r\u00e1di kulturu?","url":"https:\/\/www.mipem.cz\/mate-radi-kulturu\/","datePublished":"2022-04-22","dateModified":"2023-05-26","mainEntityOfPage":"https:\/\/www.mipem.cz\/mate-radi-kulturu\/","author":{"@type":"Person","@id":"https:\/\/www.mipem.cz\/author\/devene\/#Person","name":"devene","url":"https:\/\/www.mipem.cz\/author\/devene\/","identifier":1,"image":{"@type":"ImageObject","@id":"https:\/\/secure.gravatar.com\/avatar\/1fd5b20daa9a47a1102459a7c733d369075d8cc724ab489feb8ed72c657d346e?s=96&d=mm&r=g","url":"https:\/\/secure.gravatar.com\/avatar\/1fd5b20daa9a47a1102459a7c733d369075d8cc724ab489feb8ed72c657d346e?s=96&d=mm&r=g","height":96,"width":96}},"publisher":{"@type":"Organization","name":"mipem.cz","logo":{"@type":"ImageObject","@id":"\/logo.png","url":"\/logo.png","width":600,"height":60}},"image":{"@type":"ImageObject","@id":"https:\/\/www.mipem.cz\/wp-content\/uploads\/sous-chef-79598_640_1.jpg","url":"https:\/\/www.mipem.cz\/wp-content\/uploads\/sous-chef-79598_640_1.jpg","height":0,"width":0},"wordCount":537,"keywords":null},{"@type":"Article","@id":"https:\/\/www.mipem.cz\/contact-the-agency-to-organize-the-celebration\/","headline":"Contact the agency to organize the celebration!","url":"https:\/\/www.mipem.cz\/contact-the-agency-to-organize-the-celebration\/","datePublished":"2022-04-10","dateModified":"2023-05-26","mainEntityOfPage":"https:\/\/www.mipem.cz\/contact-the-agency-to-organize-the-celebration\/","author":{"@type":"Person","@id":"https:\/\/www.mipem.cz\/author\/devene\/#Person","name":"devene","url":"https:\/\/www.mipem.cz\/author\/devene\/","identifier":1,"image":{"@type":"ImageObject","@id":"https:\/\/secure.gravatar.com\/avatar\/1fd5b20daa9a47a1102459a7c733d369075d8cc724ab489feb8ed72c657d346e?s=96&d=mm&r=g","url":"https:\/\/secure.gravatar.com\/avatar\/1fd5b20daa9a47a1102459a7c733d369075d8cc724ab489feb8ed72c657d346e?s=96&d=mm&r=g","height":96,"width":96}},"publisher":{"@type":"Organization","name":"mipem.cz","logo":{"@type":"ImageObject","@id":"\/logo.png","url":"\/logo.png","width":600,"height":60}},"image":{"@type":"ImageObject","@id":"https:\/\/www.mipem.cz\/wp-content\/uploads\/pexels-cottonbro-3419692.jpg","url":"https:\/\/www.mipem.cz\/wp-content\/uploads\/pexels-cottonbro-3419692.jpg","height":0,"width":0},"wordCount":455,"keywords":null}]},{"@context":"https:\/\/schema.org","@type":"WebSite","@id":"https:\/\/www.mipem.cz\/#website","name":"Mipem","url":"https:\/\/www.mipem.cz","potentialAction":{"@type":"SearchAction","target":"https:\/\/www.mipem.cz\/?s={search_term_string}","query-input":"required name=search_term_string"}}]