[{"@context":"https:\/\/schema.org\/","@type":"Blog","@id":"https:\/\/www.mipem.cz#Blog","headline":"Mipem","description":"\nA\u0165 u\u017e je \u010dlov\u011bk k\u00fdmkoliv a \u017eije kdekoliv a jakkoliv, pot\u0159ebuje pen\u00edze. A chce-li \u017e\u00edt norm\u00e1ln\u011b, nem\u011bl by nikdy vzd\u00e1t snahu si je v\u00a0dostate\u010dn\u00e9m mno\u017estv\u00ed vyd\u011blat.","url":"https:\/\/www.mipem.cz","hasPart":[{"@type":"Article","@id":"https:\/\/www.mipem.cz\/proc-si-vybrat-matrace-1-1-na-akci\/","headline":"Pro\u010d si vybrat matrace 1 + 1 na akci","url":"https:\/\/www.mipem.cz\/proc-si-vybrat-matrace-1-1-na-akci\/","datePublished":"2025-06-18","dateModified":"2025-06-18","mainEntityOfPage":"https:\/\/www.mipem.cz\/proc-si-vybrat-matrace-1-1-na-akci\/","author":{"@type":"Person","@id":"https:\/\/www.mipem.cz\/author\/devene\/#Person","name":"devene","url":"https:\/\/www.mipem.cz\/author\/devene\/","identifier":1,"image":{"@type":"ImageObject","@id":"https:\/\/secure.gravatar.com\/avatar\/1fd5b20daa9a47a1102459a7c733d369075d8cc724ab489feb8ed72c657d346e?s=96&d=mm&r=g","url":"https:\/\/secure.gravatar.com\/avatar\/1fd5b20daa9a47a1102459a7c733d369075d8cc724ab489feb8ed72c657d346e?s=96&d=mm&r=g","height":96,"width":96}},"publisher":{"@type":"Organization","name":"mipem.cz","logo":{"@type":"ImageObject","@id":"\/logo.png","url":"\/logo.png","width":600,"height":60}},"image":{"@type":"ImageObject","@id":"https:\/\/www.mipem.cz\/wp-content\/uploads\/mattress-2489615_640_10_9.jpg","url":"https:\/\/www.mipem.cz\/wp-content\/uploads\/mattress-2489615_640_10_9.jpg","height":0,"width":0},"wordCount":609,"keywords":null},{"@type":"Article","@id":"https:\/\/www.mipem.cz\/dostante-firmu-do-povedomi\/","headline":"Dosta\u0148te firmu do pov\u011bdom\u00ed","url":"https:\/\/www.mipem.cz\/dostante-firmu-do-povedomi\/","datePublished":"2025-06-08","dateModified":"2025-06-08","mainEntityOfPage":"https:\/\/www.mipem.cz\/dostante-firmu-do-povedomi\/","author":{"@type":"Person","@id":"https:\/\/www.mipem.cz\/author\/devene\/#Person","name":"devene","url":"https:\/\/www.mipem.cz\/author\/devene\/","identifier":1,"image":{"@type":"ImageObject","@id":"https:\/\/secure.gravatar.com\/avatar\/1fd5b20daa9a47a1102459a7c733d369075d8cc724ab489feb8ed72c657d346e?s=96&d=mm&r=g","url":"https:\/\/secure.gravatar.com\/avatar\/1fd5b20daa9a47a1102459a7c733d369075d8cc724ab489feb8ed72c657d346e?s=96&d=mm&r=g","height":96,"width":96}},"publisher":{"@type":"Organization","name":"mipem.cz","logo":{"@type":"ImageObject","@id":"\/logo.png","url":"\/logo.png","width":600,"height":60}},"image":{"@type":"ImageObject","@id":"https:\/\/www.mipem.cz\/wp-content\/uploads\/advertisement-8695963_640.jpg","url":"https:\/\/www.mipem.cz\/wp-content\/uploads\/advertisement-8695963_640.jpg","height":0,"width":0},"wordCount":576,"keywords":null},{"@type":"Article","@id":"https:\/\/www.mipem.cz\/bydlete-v-komfortu\/","headline":"Bydlete v komfortu","url":"https:\/\/www.mipem.cz\/bydlete-v-komfortu\/","datePublished":"2025-06-06","dateModified":"2023-05-26","mainEntityOfPage":"https:\/\/www.mipem.cz\/bydlete-v-komfortu\/","author":{"@type":"Person","@id":"https:\/\/www.mipem.cz\/author\/devene\/#Person","name":"devene","url":"https:\/\/www.mipem.cz\/author\/devene\/","identifier":1,"image":{"@type":"ImageObject","@id":"https:\/\/secure.gravatar.com\/avatar\/1fd5b20daa9a47a1102459a7c733d369075d8cc724ab489feb8ed72c657d346e?s=96&d=mm&r=g","url":"https:\/\/secure.gravatar.com\/avatar\/1fd5b20daa9a47a1102459a7c733d369075d8cc724ab489feb8ed72c657d346e?s=96&d=mm&r=g","height":96,"width":96}},"publisher":{"@type":"Organization","name":"mipem.cz","logo":{"@type":"ImageObject","@id":"\/logo.png","url":"\/logo.png","width":600,"height":60}},"image":null,"wordCount":486,"keywords":null},{"@type":"Article","@id":"https:\/\/www.mipem.cz\/poridte-si-garnyze-podle-vaseho-vkusu\/","headline":"Po\u0159i\u010fte si garn\u00fd\u017ee podle Va\u0161eho vkusu","url":"https:\/\/www.mipem.cz\/poridte-si-garnyze-podle-vaseho-vkusu\/","datePublished":"2025-04-27","dateModified":"2025-04-27","mainEntityOfPage":"https:\/\/www.mipem.cz\/poridte-si-garnyze-podle-vaseho-vkusu\/","author":{"@type":"Person","@id":"https:\/\/www.mipem.cz\/author\/devene\/#Person","name":"devene","url":"https:\/\/www.mipem.cz\/author\/devene\/","identifier":1,"image":{"@type":"ImageObject","@id":"https:\/\/secure.gravatar.com\/avatar\/1fd5b20daa9a47a1102459a7c733d369075d8cc724ab489feb8ed72c657d346e?s=96&d=mm&r=g","url":"https:\/\/secure.gravatar.com\/avatar\/1fd5b20daa9a47a1102459a7c733d369075d8cc724ab489feb8ed72c657d346e?s=96&d=mm&r=g","height":96,"width":96}},"publisher":{"@type":"Organization","name":"mipem.cz","logo":{"@type":"ImageObject","@id":"\/logo.png","url":"\/logo.png","width":600,"height":60}},"image":null,"wordCount":224,"keywords":null},{"@type":"Article","@id":"https:\/\/www.mipem.cz\/mate-stary-byt-a-chcete-ho-opravit\/","headline":"M\u00e1te star\u00fd byt a chcete ho opravit?","url":"https:\/\/www.mipem.cz\/mate-stary-byt-a-chcete-ho-opravit\/","datePublished":"2025-04-20","dateModified":"2025-04-20","mainEntityOfPage":"https:\/\/www.mipem.cz\/mate-stary-byt-a-chcete-ho-opravit\/","author":{"@type":"Person","@id":"https:\/\/www.mipem.cz\/author\/devene\/#Person","name":"devene","url":"https:\/\/www.mipem.cz\/author\/devene\/","identifier":1,"image":{"@type":"ImageObject","@id":"https:\/\/secure.gravatar.com\/avatar\/1fd5b20daa9a47a1102459a7c733d369075d8cc724ab489feb8ed72c657d346e?s=96&d=mm&r=g","url":"https:\/\/secure.gravatar.com\/avatar\/1fd5b20daa9a47a1102459a7c733d369075d8cc724ab489feb8ed72c657d346e?s=96&d=mm&r=g","height":96,"width":96}},"publisher":{"@type":"Organization","name":"mipem.cz","logo":{"@type":"ImageObject","@id":"\/logo.png","url":"\/logo.png","width":600,"height":60}},"image":null,"wordCount":279,"keywords":null},{"@type":"Article","@id":"https:\/\/www.mipem.cz\/nabizime-vam-moznost-seznameni\/","headline":"Nab\u00edz\u00edme v\u00e1m mo\u017enost sezn\u00e1men\u00ed","url":"https:\/\/www.mipem.cz\/nabizime-vam-moznost-seznameni\/","datePublished":"2025-04-13","dateModified":"2025-04-13","mainEntityOfPage":"https:\/\/www.mipem.cz\/nabizime-vam-moznost-seznameni\/","author":{"@type":"Person","@id":"https:\/\/www.mipem.cz\/author\/devene\/#Person","name":"devene","url":"https:\/\/www.mipem.cz\/author\/devene\/","identifier":1,"image":{"@type":"ImageObject","@id":"https:\/\/secure.gravatar.com\/avatar\/1fd5b20daa9a47a1102459a7c733d369075d8cc724ab489feb8ed72c657d346e?s=96&d=mm&r=g","url":"https:\/\/secure.gravatar.com\/avatar\/1fd5b20daa9a47a1102459a7c733d369075d8cc724ab489feb8ed72c657d346e?s=96&d=mm&r=g","height":96,"width":96}},"publisher":{"@type":"Organization","name":"mipem.cz","logo":{"@type":"ImageObject","@id":"\/logo.png","url":"\/logo.png","width":600,"height":60}},"image":null,"wordCount":243,"keywords":null},{"@type":"Article","@id":"https:\/\/www.mipem.cz\/pujcime-vam-automobil-kdykoliv\/","headline":"P\u016fj\u010d\u00edme v\u00e1m automobil kdykoliv","url":"https:\/\/www.mipem.cz\/pujcime-vam-automobil-kdykoliv\/","datePublished":"2025-04-05","dateModified":"2025-04-05","mainEntityOfPage":"https:\/\/www.mipem.cz\/pujcime-vam-automobil-kdykoliv\/","author":{"@type":"Person","@id":"https:\/\/www.mipem.cz\/author\/devene\/#Person","name":"devene","url":"https:\/\/www.mipem.cz\/author\/devene\/","identifier":1,"image":{"@type":"ImageObject","@id":"https:\/\/secure.gravatar.com\/avatar\/1fd5b20daa9a47a1102459a7c733d369075d8cc724ab489feb8ed72c657d346e?s=96&d=mm&r=g","url":"https:\/\/secure.gravatar.com\/avatar\/1fd5b20daa9a47a1102459a7c733d369075d8cc724ab489feb8ed72c657d346e?s=96&d=mm&r=g","height":96,"width":96}},"publisher":{"@type":"Organization","name":"mipem.cz","logo":{"@type":"ImageObject","@id":"\/logo.png","url":"\/logo.png","width":600,"height":60}},"image":null,"wordCount":219,"keywords":null},{"@type":"Article","@id":"https:\/\/www.mipem.cz\/drevene-darky\/","headline":"D\u0159ev\u011bn\u00e9 d\u00e1rky","url":"https:\/\/www.mipem.cz\/drevene-darky\/","datePublished":"2025-03-29","dateModified":"2025-03-29","mainEntityOfPage":"https:\/\/www.mipem.cz\/drevene-darky\/","author":{"@type":"Person","@id":"https:\/\/www.mipem.cz\/author\/devene\/#Person","name":"devene","url":"https:\/\/www.mipem.cz\/author\/devene\/","identifier":1,"image":{"@type":"ImageObject","@id":"https:\/\/secure.gravatar.com\/avatar\/1fd5b20daa9a47a1102459a7c733d369075d8cc724ab489feb8ed72c657d346e?s=96&d=mm&r=g","url":"https:\/\/secure.gravatar.com\/avatar\/1fd5b20daa9a47a1102459a7c733d369075d8cc724ab489feb8ed72c657d346e?s=96&d=mm&r=g","height":96,"width":96}},"publisher":{"@type":"Organization","name":"mipem.cz","logo":{"@type":"ImageObject","@id":"\/logo.png","url":"\/logo.png","width":600,"height":60}},"image":null,"wordCount":266,"keywords":null},{"@type":"Article","@id":"https:\/\/www.mipem.cz\/manzelku-uz-to-nebavi\/","headline":"Man\u017eelku u\u017e to nebav\u00ed","url":"https:\/\/www.mipem.cz\/manzelku-uz-to-nebavi\/","datePublished":"2025-03-22","dateModified":"2025-03-22","mainEntityOfPage":"https:\/\/www.mipem.cz\/manzelku-uz-to-nebavi\/","author":{"@type":"Person","@id":"https:\/\/www.mipem.cz\/author\/devene\/#Person","name":"devene","url":"https:\/\/www.mipem.cz\/author\/devene\/","identifier":1,"image":{"@type":"ImageObject","@id":"https:\/\/secure.gravatar.com\/avatar\/1fd5b20daa9a47a1102459a7c733d369075d8cc724ab489feb8ed72c657d346e?s=96&d=mm&r=g","url":"https:\/\/secure.gravatar.com\/avatar\/1fd5b20daa9a47a1102459a7c733d369075d8cc724ab489feb8ed72c657d346e?s=96&d=mm&r=g","height":96,"width":96}},"publisher":{"@type":"Organization","name":"mipem.cz","logo":{"@type":"ImageObject","@id":"\/logo.png","url":"\/logo.png","width":600,"height":60}},"image":null,"wordCount":294,"keywords":null},{"@type":"Article","@id":"https:\/\/www.mipem.cz\/kontaktujte-nas-pokud-potrebujete-poradit-s-vyberem-dvirek\/","headline":"Kontaktujte n\u00e1s, pokud pot\u0159ebujete poradit s\u00a0v\u00fdb\u011brem dv\u00ed\u0159ek","url":"https:\/\/www.mipem.cz\/kontaktujte-nas-pokud-potrebujete-poradit-s-vyberem-dvirek\/","datePublished":"2025-03-13","dateModified":"2025-03-13","mainEntityOfPage":"https:\/\/www.mipem.cz\/kontaktujte-nas-pokud-potrebujete-poradit-s-vyberem-dvirek\/","author":{"@type":"Person","@id":"https:\/\/www.mipem.cz\/author\/devene\/#Person","name":"devene","url":"https:\/\/www.mipem.cz\/author\/devene\/","identifier":1,"image":{"@type":"ImageObject","@id":"https:\/\/secure.gravatar.com\/avatar\/1fd5b20daa9a47a1102459a7c733d369075d8cc724ab489feb8ed72c657d346e?s=96&d=mm&r=g","url":"https:\/\/secure.gravatar.com\/avatar\/1fd5b20daa9a47a1102459a7c733d369075d8cc724ab489feb8ed72c657d346e?s=96&d=mm&r=g","height":96,"width":96}},"publisher":{"@type":"Organization","name":"mipem.cz","logo":{"@type":"ImageObject","@id":"\/logo.png","url":"\/logo.png","width":600,"height":60}},"image":null,"wordCount":214,"keywords":null}]},{"@context":"https:\/\/schema.org","@type":"WebSite","@id":"https:\/\/www.mipem.cz\/#website","name":"Mipem","url":"https:\/\/www.mipem.cz","potentialAction":{"@type":"SearchAction","target":"https:\/\/www.mipem.cz\/?s={search_term_string}","query-input":"required name=search_term_string"}}]