[{"@context":"https:\/\/schema.org\/","@type":"Blog","@id":"https:\/\/www.mipem.cz#Blog","headline":"Mipem","description":"\nA\u0165 u\u017e je \u010dlov\u011bk k\u00fdmkoliv a \u017eije kdekoliv a jakkoliv, pot\u0159ebuje pen\u00edze. A chce-li \u017e\u00edt norm\u00e1ln\u011b, nem\u011bl by nikdy vzd\u00e1t snahu si je v\u00a0dostate\u010dn\u00e9m mno\u017estv\u00ed vyd\u011blat.","url":"https:\/\/www.mipem.cz","hasPart":[{"@type":"Article","@id":"https:\/\/www.mipem.cz\/svazuje-nas-kultura-do-ktere-jsme-se-narodili\/","headline":"Svazuje n\u00e1s kultura, do kter\u00e9 jsme se narodili?","url":"https:\/\/www.mipem.cz\/svazuje-nas-kultura-do-ktere-jsme-se-narodili\/","datePublished":"2022-03-31","dateModified":"2023-05-26","mainEntityOfPage":"https:\/\/www.mipem.cz\/svazuje-nas-kultura-do-ktere-jsme-se-narodili\/","author":{"@type":"Person","@id":"https:\/\/www.mipem.cz\/author\/devene\/#Person","name":"devene","url":"https:\/\/www.mipem.cz\/author\/devene\/","identifier":1,"image":{"@type":"ImageObject","@id":"https:\/\/secure.gravatar.com\/avatar\/1fd5b20daa9a47a1102459a7c733d369075d8cc724ab489feb8ed72c657d346e?s=96&d=mm&r=g","url":"https:\/\/secure.gravatar.com\/avatar\/1fd5b20daa9a47a1102459a7c733d369075d8cc724ab489feb8ed72c657d346e?s=96&d=mm&r=g","height":96,"width":96}},"publisher":{"@type":"Organization","name":"mipem.cz","logo":{"@type":"ImageObject","@id":"\/logo.png","url":"\/logo.png","width":600,"height":60}},"image":{"@type":"ImageObject","@id":"https:\/\/www.mipem.cz\/wp-content\/uploads\/dite2_1.jpg","url":"https:\/\/www.mipem.cz\/wp-content\/uploads\/dite2_1.jpg","height":0,"width":0},"wordCount":647,"keywords":null},{"@type":"Article","@id":"https:\/\/www.mipem.cz\/jak-usetrit-penize-za-mycku-auta\/","headline":"Jak u\u0161et\u0159it pen\u00edze za my\u010dku auta","url":"https:\/\/www.mipem.cz\/jak-usetrit-penize-za-mycku-auta\/","datePublished":"2022-03-29","dateModified":"2023-08-18","mainEntityOfPage":"https:\/\/www.mipem.cz\/jak-usetrit-penize-za-mycku-auta\/","author":{"@type":"Person","@id":"https:\/\/www.mipem.cz\/author\/devene\/#Person","name":"devene","url":"https:\/\/www.mipem.cz\/author\/devene\/","identifier":1,"image":{"@type":"ImageObject","@id":"https:\/\/secure.gravatar.com\/avatar\/1fd5b20daa9a47a1102459a7c733d369075d8cc724ab489feb8ed72c657d346e?s=96&d=mm&r=g","url":"https:\/\/secure.gravatar.com\/avatar\/1fd5b20daa9a47a1102459a7c733d369075d8cc724ab489feb8ed72c657d346e?s=96&d=mm&r=g","height":96,"width":96}},"publisher":{"@type":"Organization","name":"mipem.cz","logo":{"@type":"ImageObject","@id":"\/logo.png","url":"\/logo.png","width":600,"height":60}},"image":{"@type":"ImageObject","@id":"https:\/\/www.mipem.cz\/wp-content\/uploads\/fiat-g1d09b1b0f_640_2.jpg","url":"https:\/\/www.mipem.cz\/wp-content\/uploads\/fiat-g1d09b1b0f_640_2.jpg","height":0,"width":0},"wordCount":577,"keywords":null},{"@type":"Article","@id":"https:\/\/www.mipem.cz\/bez-penez-se-neobejdeme\/","headline":"Bez pen\u011bz se neobejdeme","url":"https:\/\/www.mipem.cz\/bez-penez-se-neobejdeme\/","datePublished":"2022-03-28","dateModified":"2022-03-28","mainEntityOfPage":"https:\/\/www.mipem.cz\/bez-penez-se-neobejdeme\/","author":{"@type":"Person","@id":"https:\/\/www.mipem.cz\/author\/devene\/#Person","name":"devene","url":"https:\/\/www.mipem.cz\/author\/devene\/","identifier":1,"image":{"@type":"ImageObject","@id":"https:\/\/secure.gravatar.com\/avatar\/1fd5b20daa9a47a1102459a7c733d369075d8cc724ab489feb8ed72c657d346e?s=96&d=mm&r=g","url":"https:\/\/secure.gravatar.com\/avatar\/1fd5b20daa9a47a1102459a7c733d369075d8cc724ab489feb8ed72c657d346e?s=96&d=mm&r=g","height":96,"width":96}},"publisher":{"@type":"Organization","name":"mipem.cz","logo":{"@type":"ImageObject","@id":"\/logo.png","url":"\/logo.png","width":600,"height":60}},"image":{"@type":"ImageObject","@id":"https:\/\/www.mipem.cz\/wp-content\/uploads\/pen%C3%ADze%20Braz%C3%ADlie_1.jpg","url":"https:\/\/www.mipem.cz\/wp-content\/uploads\/pen%C3%ADze%20Braz%C3%ADlie_1.jpg","height":0,"width":0},"wordCount":613,"keywords":null},{"@type":"Article","@id":"https:\/\/www.mipem.cz\/cestovani-a-chude-zeme-a-oblasti\/","headline":"Cestov\u00e1n\u00ed a chud\u00e9 zem\u011b a oblasti","url":"https:\/\/www.mipem.cz\/cestovani-a-chude-zeme-a-oblasti\/","datePublished":"2022-03-22","dateModified":"2023-05-26","mainEntityOfPage":"https:\/\/www.mipem.cz\/cestovani-a-chude-zeme-a-oblasti\/","author":{"@type":"Person","@id":"https:\/\/www.mipem.cz\/author\/devene\/#Person","name":"devene","url":"https:\/\/www.mipem.cz\/author\/devene\/","identifier":1,"image":{"@type":"ImageObject","@id":"https:\/\/secure.gravatar.com\/avatar\/1fd5b20daa9a47a1102459a7c733d369075d8cc724ab489feb8ed72c657d346e?s=96&d=mm&r=g","url":"https:\/\/secure.gravatar.com\/avatar\/1fd5b20daa9a47a1102459a7c733d369075d8cc724ab489feb8ed72c657d346e?s=96&d=mm&r=g","height":96,"width":96}},"publisher":{"@type":"Organization","name":"mipem.cz","logo":{"@type":"ImageObject","@id":"\/logo.png","url":"\/logo.png","width":600,"height":60}},"image":{"@type":"ImageObject","@id":"https:\/\/www.mipem.cz\/wp-content\/uploads\/girl-2529907_640.jpg","url":"https:\/\/www.mipem.cz\/wp-content\/uploads\/girl-2529907_640.jpg","height":0,"width":0},"wordCount":702,"keywords":null},{"@type":"Article","@id":"https:\/\/www.mipem.cz\/proc-je-bydleni-nedostupne\/","headline":"Pro\u010d je bydlen\u00ed nedostupn\u00e9?","url":"https:\/\/www.mipem.cz\/proc-je-bydleni-nedostupne\/","datePublished":"2022-03-22","dateModified":"2023-05-26","mainEntityOfPage":"https:\/\/www.mipem.cz\/proc-je-bydleni-nedostupne\/","author":{"@type":"Person","@id":"https:\/\/www.mipem.cz\/author\/devene\/#Person","name":"devene","url":"https:\/\/www.mipem.cz\/author\/devene\/","identifier":1,"image":{"@type":"ImageObject","@id":"https:\/\/secure.gravatar.com\/avatar\/1fd5b20daa9a47a1102459a7c733d369075d8cc724ab489feb8ed72c657d346e?s=96&d=mm&r=g","url":"https:\/\/secure.gravatar.com\/avatar\/1fd5b20daa9a47a1102459a7c733d369075d8cc724ab489feb8ed72c657d346e?s=96&d=mm&r=g","height":96,"width":96}},"publisher":{"@type":"Organization","name":"mipem.cz","logo":{"@type":"ImageObject","@id":"\/logo.png","url":"\/logo.png","width":600,"height":60}},"image":{"@type":"ImageObject","@id":"https:\/\/www.mipem.cz\/wp-content\/uploads\/architect-1080592_640.jpg","url":"https:\/\/www.mipem.cz\/wp-content\/uploads\/architect-1080592_640.jpg","height":0,"width":0},"wordCount":595,"keywords":null},{"@type":"Article","@id":"https:\/\/www.mipem.cz\/materstvi-za-trest-nebo-za-odmenu\/","headline":"Mate\u0159stv\u00ed &#8211; za trest nebo za odm\u011bnu?","url":"https:\/\/www.mipem.cz\/materstvi-za-trest-nebo-za-odmenu\/","datePublished":"2022-03-22","dateModified":"2023-05-26","mainEntityOfPage":"https:\/\/www.mipem.cz\/materstvi-za-trest-nebo-za-odmenu\/","author":{"@type":"Person","@id":"https:\/\/www.mipem.cz\/author\/devene\/#Person","name":"devene","url":"https:\/\/www.mipem.cz\/author\/devene\/","identifier":1,"image":{"@type":"ImageObject","@id":"https:\/\/secure.gravatar.com\/avatar\/1fd5b20daa9a47a1102459a7c733d369075d8cc724ab489feb8ed72c657d346e?s=96&d=mm&r=g","url":"https:\/\/secure.gravatar.com\/avatar\/1fd5b20daa9a47a1102459a7c733d369075d8cc724ab489feb8ed72c657d346e?s=96&d=mm&r=g","height":96,"width":96}},"publisher":{"@type":"Organization","name":"mipem.cz","logo":{"@type":"ImageObject","@id":"\/logo.png","url":"\/logo.png","width":600,"height":60}},"image":{"@type":"ImageObject","@id":"https:\/\/www.mipem.cz\/wp-content\/uploads\/mother-84628_640.jpg","url":"https:\/\/www.mipem.cz\/wp-content\/uploads\/mother-84628_640.jpg","height":0,"width":0},"wordCount":690,"keywords":null},{"@type":"Article","@id":"https:\/\/www.mipem.cz\/podle-ceho-vybrat-uplne-prvni-mobil-pro-dite-a-kdy-je-ta-spravna-doba\/","headline":"Podle \u010deho vybrat \u00fapln\u011b prvn\u00ed mobil pro d\u00edt\u011b? A kdy je ta spr\u00e1vn\u00e1 doba?","url":"https:\/\/www.mipem.cz\/podle-ceho-vybrat-uplne-prvni-mobil-pro-dite-a-kdy-je-ta-spravna-doba\/","datePublished":"2022-03-22","dateModified":"2023-05-26","mainEntityOfPage":"https:\/\/www.mipem.cz\/podle-ceho-vybrat-uplne-prvni-mobil-pro-dite-a-kdy-je-ta-spravna-doba\/","author":{"@type":"Person","@id":"https:\/\/www.mipem.cz\/author\/devene\/#Person","name":"devene","url":"https:\/\/www.mipem.cz\/author\/devene\/","identifier":1,"image":{"@type":"ImageObject","@id":"https:\/\/secure.gravatar.com\/avatar\/1fd5b20daa9a47a1102459a7c733d369075d8cc724ab489feb8ed72c657d346e?s=96&d=mm&r=g","url":"https:\/\/secure.gravatar.com\/avatar\/1fd5b20daa9a47a1102459a7c733d369075d8cc724ab489feb8ed72c657d346e?s=96&d=mm&r=g","height":96,"width":96}},"publisher":{"@type":"Organization","name":"mipem.cz","logo":{"@type":"ImageObject","@id":"\/logo.png","url":"\/logo.png","width":600,"height":60}},"image":{"@type":"ImageObject","@id":"https:\/\/www.mipem.cz\/wp-content\/uploads\/pexels-photo-191841.jpeg","url":"https:\/\/www.mipem.cz\/wp-content\/uploads\/pexels-photo-191841.jpeg","height":0,"width":0},"wordCount":545,"keywords":null},{"@type":"Article","@id":"https:\/\/www.mipem.cz\/levne-dekorace-ktere-si-vyrobite-sami\/","headline":"Levn\u00e9 dekorace, kter\u00e9 si vyrob\u00edte sami","url":"https:\/\/www.mipem.cz\/levne-dekorace-ktere-si-vyrobite-sami\/","datePublished":"2022-03-17","dateModified":"2023-05-26","mainEntityOfPage":"https:\/\/www.mipem.cz\/levne-dekorace-ktere-si-vyrobite-sami\/","author":{"@type":"Person","@id":"https:\/\/www.mipem.cz\/author\/devene\/#Person","name":"devene","url":"https:\/\/www.mipem.cz\/author\/devene\/","identifier":1,"image":{"@type":"ImageObject","@id":"https:\/\/secure.gravatar.com\/avatar\/1fd5b20daa9a47a1102459a7c733d369075d8cc724ab489feb8ed72c657d346e?s=96&d=mm&r=g","url":"https:\/\/secure.gravatar.com\/avatar\/1fd5b20daa9a47a1102459a7c733d369075d8cc724ab489feb8ed72c657d346e?s=96&d=mm&r=g","height":96,"width":96}},"publisher":{"@type":"Organization","name":"mipem.cz","logo":{"@type":"ImageObject","@id":"\/logo.png","url":"\/logo.png","width":600,"height":60}},"image":{"@type":"ImageObject","@id":"https:\/\/www.mipem.cz\/wp-content\/uploads\/wood-g7e447cecd_640.jpg","url":"https:\/\/www.mipem.cz\/wp-content\/uploads\/wood-g7e447cecd_640.jpg","height":0,"width":0},"wordCount":508,"keywords":null},{"@type":"Article","@id":"https:\/\/www.mipem.cz\/prives-nebo-obytne-auto\/","headline":"P\u0159\u00edv\u011bs, nebo obytn\u00e9 auto?","url":"https:\/\/www.mipem.cz\/prives-nebo-obytne-auto\/","datePublished":"2022-03-16","dateModified":"2023-05-26","mainEntityOfPage":"https:\/\/www.mipem.cz\/prives-nebo-obytne-auto\/","author":{"@type":"Person","@id":"https:\/\/www.mipem.cz\/author\/devene\/#Person","name":"devene","url":"https:\/\/www.mipem.cz\/author\/devene\/","identifier":1,"image":{"@type":"ImageObject","@id":"https:\/\/secure.gravatar.com\/avatar\/1fd5b20daa9a47a1102459a7c733d369075d8cc724ab489feb8ed72c657d346e?s=96&d=mm&r=g","url":"https:\/\/secure.gravatar.com\/avatar\/1fd5b20daa9a47a1102459a7c733d369075d8cc724ab489feb8ed72c657d346e?s=96&d=mm&r=g","height":96,"width":96}},"publisher":{"@type":"Organization","name":"mipem.cz","logo":{"@type":"ImageObject","@id":"\/logo.png","url":"\/logo.png","width":600,"height":60}},"image":{"@type":"ImageObject","@id":"https:\/\/www.mipem.cz\/wp-content\/uploads\/trailer-hitch-g7ecf66fbe_640_1.jpg","url":"https:\/\/www.mipem.cz\/wp-content\/uploads\/trailer-hitch-g7ecf66fbe_640_1.jpg","height":0,"width":0},"wordCount":678,"keywords":null},{"@type":"Article","@id":"https:\/\/www.mipem.cz\/jak-vest-domaci-rozpocet\/","headline":"Jak v\u00e9st dom\u00e1c\u00ed rozpo\u010det","url":"https:\/\/www.mipem.cz\/jak-vest-domaci-rozpocet\/","datePublished":"2022-03-11","dateModified":"2023-05-26","mainEntityOfPage":"https:\/\/www.mipem.cz\/jak-vest-domaci-rozpocet\/","author":{"@type":"Person","@id":"https:\/\/www.mipem.cz\/author\/devene\/#Person","name":"devene","url":"https:\/\/www.mipem.cz\/author\/devene\/","identifier":1,"image":{"@type":"ImageObject","@id":"https:\/\/secure.gravatar.com\/avatar\/1fd5b20daa9a47a1102459a7c733d369075d8cc724ab489feb8ed72c657d346e?s=96&d=mm&r=g","url":"https:\/\/secure.gravatar.com\/avatar\/1fd5b20daa9a47a1102459a7c733d369075d8cc724ab489feb8ed72c657d346e?s=96&d=mm&r=g","height":96,"width":96}},"publisher":{"@type":"Organization","name":"mipem.cz","logo":{"@type":"ImageObject","@id":"\/logo.png","url":"\/logo.png","width":600,"height":60}},"image":{"@type":"ImageObject","@id":"https:\/\/www.mipem.cz\/wp-content\/uploads\/email-g0dbfad492_640.jpg","url":"https:\/\/www.mipem.cz\/wp-content\/uploads\/email-g0dbfad492_640.jpg","height":0,"width":0},"wordCount":571,"keywords":null}]},{"@context":"https:\/\/schema.org","@type":"WebSite","@id":"https:\/\/www.mipem.cz\/#website","name":"Mipem","url":"https:\/\/www.mipem.cz","potentialAction":{"@type":"SearchAction","target":"https:\/\/www.mipem.cz\/?s={search_term_string}","query-input":"required name=search_term_string"}}]