[{"@context":"https:\/\/schema.org\/","@type":"Article","@id":"https:\/\/www.mipem.cz\/mate-radi-kulturu\/#Article","mainEntityOfPage":"https:\/\/www.mipem.cz\/mate-radi-kulturu\/","headline":"M\u00e1te r\u00e1di kulturu?","name":"M\u00e1te r\u00e1di kulturu?","description":"Pat\u0159\u00edte mezi ty lidi, kte\u0159\u00ed maj\u00ed r\u00e1di kulturu? J\u00e1 si mysl\u00edm, \u017ee dne\u0161n\u00ed doba p\u0159eje tomu, kdo m\u00e1 r\u00e1d kulturu. A v\u00edte v\u016fbec co v\u0161echno se po\u010d\u00edt\u00e1 do kulturu? J\u00e1 si mysl\u00edm, \u017ee mnoho lid\u00ed to ani nev\u00ed. Mnoho lid\u00ed si dokonce mysl\u00ed, \u017ee o kulturu se v\u016fbec nezaj\u00edmaj\u00ed. Nicm\u00e9n\u011b ale je toho opravdu hodn\u011b, ... <a href=\"https:\/\/www.mipem.cz\/mate-radi-kulturu\/\" class=\"more-link\">P\u0159e\u010d\u00edst<span class=\"screen-reader-text\"> \"M\u00e1te r\u00e1di kulturu?\"<\/span> &raquo;<\/a>","datePublished":"2022-04-22","dateModified":"2023-05-26","author":{"@type":"Person","@id":"https:\/\/www.mipem.cz\/author\/devene\/#Person","name":"devene","url":"https:\/\/www.mipem.cz\/author\/devene\/","identifier":1,"image":{"@type":"ImageObject","@id":"https:\/\/secure.gravatar.com\/avatar\/1fd5b20daa9a47a1102459a7c733d369075d8cc724ab489feb8ed72c657d346e?s=96&d=mm&r=g","url":"https:\/\/secure.gravatar.com\/avatar\/1fd5b20daa9a47a1102459a7c733d369075d8cc724ab489feb8ed72c657d346e?s=96&d=mm&r=g","height":96,"width":96}},"publisher":{"@type":"Organization","name":"mipem.cz","logo":{"@type":"ImageObject","@id":"\/logo.png","url":"\/logo.png","width":600,"height":60}},"image":{"@type":"ImageObject","@id":"https:\/\/www.mipem.cz\/wp-content\/uploads\/sous-chef-79598_640_1.jpg","url":"https:\/\/www.mipem.cz\/wp-content\/uploads\/sous-chef-79598_640_1.jpg","height":0,"width":0},"url":"https:\/\/www.mipem.cz\/mate-radi-kulturu\/","about":["Kultura"],"wordCount":424,"articleBody":"Pat\u0159\u00edte mezi ty lidi, kte\u0159\u00ed maj\u00ed r\u00e1di kulturu? J\u00e1 si mysl\u00edm, \u017ee dne\u0161n\u00ed doba p\u0159eje tomu, kdo m\u00e1 r\u00e1d kulturu. A v\u00edte v\u016fbec co v\u0161echno se po\u010d\u00edt\u00e1 do kulturu? J\u00e1 si mysl\u00edm, \u017ee mnoho lid\u00ed to ani nev\u00ed. Mnoho lid\u00ed si dokonce mysl\u00ed, \u017ee o kulturu se v\u016fbec nezaj\u00edmaj\u00ed. Nicm\u00e9n\u011b ale je toho opravdu hodn\u011b, co se \u0159ad\u00ed mezi kulturu. T\u0159eba se tomu v\u011bnujete a bav\u00ed v\u00e1s to,\u00a0ale\u00a0v\u016fbec\u00a0nev\u00edte, \u017ee se jedn\u00e1 taky o kulturu. Tak nap\u0159\u00edklad jist\u011b chod\u00edte r\u00e1di do kina. Anebo se m\u00fdl\u00edm? J\u00e1 si mysl\u00edm, \u017ee opravdu asi neexistuje \u017e\u00e1dn\u00fd \u010dlov\u011bk, kter\u00fd by nem\u011bl r\u00e1d kino. A tedy mus\u00edm \u0159\u00edct, \u017ee j\u00e1 kino opravdu miluji. Kino m\u011b bavilo u\u017e na z\u00e1kladn\u00ed \u0161kole. A mus\u00edm ale taky \u0159\u00edct, \u017ee kino asi byla jedin\u00e1 kulturn\u00ed akce, na kterou j\u00e1 jsem chodila velmi r\u00e1da. Bavilo m\u011b to, proto\u017ee jsme se \u0161kolou chodili hlavn\u011b na poh\u00e1dky.A potom jsme tam chodili taky n\u011bkdy s babi\u010dkou.\u00a0 Av\u0161ak moje babi\u010dka m\u011bla tak\u00e9 velmi r\u00e1da divadla. Abych pravdu \u0159ekla, tak moje babi\u010dka \u017eila kulturou, proto\u017ee ona toti\u017e poch\u00e1zela z Prahy a bydlela kousek od N\u00e1rodn\u00edho divadla. Tak\u017ee si jist\u011b dok\u00e1\u017eete p\u0159edstavit, jak to moje babi\u010dka m\u011bla opravdu bl\u00edzko ke kultu\u0159e.Babi\u010dka je vlastn\u011b \u00fapln\u011b kulturn\u00ed \u010dlov\u011bk. Ona se v kultu\u0159e hodn\u011b vyzn\u00e1 a pravideln\u011b chod\u00ed do divadel, proto\u017ee divadlo je jej\u00ed nejobl\u00edben\u011bj\u0161\u00ed kulturn\u00ed akce. Nechod\u00ed moc na z\u00e1bavy, ani na r\u016fzn\u00e1 kina. Moje babi\u010dka m\u00e1 nejrad\u011bji pouze a jenom divadla. A j\u00e1 se tomu nediv\u00edm, proto\u017ee moje babi\u010dka v tom vyr\u016fstala, tak je \u00fapln\u011b logick\u00e9, \u017ee to bude m\u00edt r\u00e1da. To zvyk je \u017eelezn\u00e1 ko\u0161ile. A j\u00e1 taky mus\u00edm uznat, \u017ee d\u00edky tomu, \u017ee babi\u010dka \u017eije kulturou, tak je taky v\u00edce takov\u00e1\u00a0vzd\u011blan\u011bj\u0161\u00ed\u00a0a moudr\u00e1. Babi\u010dka v\u00ed v\u0161echno, co se kde d\u011bje. Dokonala zn\u00e1 n\u011bjak\u00e9 opern\u00ed p\u011bvce, co\u017e je taky jej\u00ed\u00a0obl\u00edben\u00e1\u00a0kulturn\u00ed akce. J\u00e1 jsem na ope\u0159e byla jednou v \u017eivot\u011b a docela se\u00a0mi\u00a0to l\u00edbilo. tak jsme si \u0159ekla, \u017ee bych se tam s babi\u010dkou taky jednou asi pod\u00edvala. A budeme m\u00edt spole\u010dn\u00fd kulturn\u00ed z\u00e1\u017eitek.                                                                                                                                                                                                                                                                                                                                                                                                "},{"@context":"https:\/\/schema.org\/","@type":"BreadcrumbList","itemListElement":[{"@type":"ListItem","position":1,"name":"M\u00e1te r\u00e1di kulturu?","item":"https:\/\/www.mipem.cz\/mate-radi-kulturu\/#breadcrumbitem"}]}]