[{"@context":"https:\/\/schema.org\/","@type":"Article","@id":"https:\/\/www.mipem.cz\/jsme-clenem-eu\/#Article","mainEntityOfPage":"https:\/\/www.mipem.cz\/jsme-clenem-eu\/","headline":"Jsme \u010dlenem EU","name":"Jsme \u010dlenem EU","description":"Od roku 2004 je \u010cesk\u00e1 republika \u010dlenem Evropsk\u00e9 unie a na\u0161e spole\u010dnost je v podstat\u011b celou dobu rozd\u011blen\u00e1 na ty, co \u010dlenstv\u00ed podporuj\u00ed a na ty, co by z Evropsk\u00e9 unie ihned vystoupili. M\u00e1lokdo ale v\u00ed, co by to skute\u010dn\u011b obn\u00e1\u0161elo. M\u016f\u017eeme si \u0159\u00edkat, \u017ee Evropsk\u00e1 unie n\u00e1m akor\u00e1t st\u00e1le n\u011bco p\u0159ikazuje, zakazuje a \u017ee ... <a href=\"https:\/\/www.mipem.cz\/jsme-clenem-eu\/\" class=\"more-link\">P\u0159e\u010d\u00edst<span class=\"screen-reader-text\"> \"Jsme \u010dlenem EU\"<\/span> &raquo;<\/a>","datePublished":"2022-06-18","dateModified":"2023-05-26","author":{"@type":"Person","@id":"https:\/\/www.mipem.cz\/author\/devene\/#Person","name":"devene","url":"https:\/\/www.mipem.cz\/author\/devene\/","identifier":1,"image":{"@type":"ImageObject","@id":"https:\/\/secure.gravatar.com\/avatar\/1fd5b20daa9a47a1102459a7c733d369075d8cc724ab489feb8ed72c657d346e?s=96&d=mm&r=g","url":"https:\/\/secure.gravatar.com\/avatar\/1fd5b20daa9a47a1102459a7c733d369075d8cc724ab489feb8ed72c657d346e?s=96&d=mm&r=g","height":96,"width":96}},"publisher":{"@type":"Organization","name":"mipem.cz","logo":{"@type":"ImageObject","@id":"\/logo.png","url":"\/logo.png","width":600,"height":60}},"image":{"@type":"ImageObject","@id":"https:\/\/www.mipem.cz\/wp-content\/uploads\/european-union-ga9deedc4b_640.png","url":"https:\/\/www.mipem.cz\/wp-content\/uploads\/european-union-ga9deedc4b_640.png","height":0,"width":0},"url":"https:\/\/www.mipem.cz\/jsme-clenem-eu\/","about":["Firmy"],"wordCount":393,"articleBody":"      Od roku 2004 je \u010cesk\u00e1 republika \u010dlenem Evropsk\u00e9 unie a na\u0161e spole\u010dnost je v podstat\u011b celou dobu rozd\u011blen\u00e1 na ty, co \u010dlenstv\u00ed podporuj\u00ed a na ty, co by z Evropsk\u00e9 unie ihned vystoupili. M\u00e1lokdo ale v\u00ed, co by to skute\u010dn\u011b obn\u00e1\u0161elo. M\u016f\u017eeme si \u0159\u00edkat, \u017ee Evropsk\u00e1 unie n\u00e1m akor\u00e1t st\u00e1le n\u011bco p\u0159ikazuje, zakazuje a \u017ee ztr\u00e1c\u00edme n\u00e1rodn\u00ed hrdost, ale ona je i druh\u00e1 strana mince. B\u00fdt \u010dlenem Evropsk\u00e9 unie znamen\u00e1 samoz\u0159ejm\u011b n\u011bjak\u00e9 z\u00e1vazky. Mus\u00edme dodr\u017eovat, co schv\u00e1l\u00ed Evropsk\u00fd parlament. Tohle \u010dasto \u010dteme v novin\u00e1ch a prob\u00edr\u00e1me v pr\u00e1ci s kolegy. Diskuze ohledn\u011b elektromobil\u016f, ohledn\u011b kv\u00f3t na tohle a tamto, Green deal. V\u0161ichni jsme odborn\u00edci.Jen\u017ee \u010dlenstv\u00ed v Evropsk\u00e9 unii jsou i v\u00fdhody. M\u016f\u017eeme \u010derpat z Evropsk\u00fdch fond\u016f. Nen\u00ed probl\u00e9m sp\u00ed\u0161e v n\u00e1s, \u017ee neum\u00edme vy\u0159izovat \u017e\u00e1dosti o dotace? \u017de nezn\u00e1me v\u0161echny mo\u017enosti, na co se dotace daj\u00ed \u010derpat? Mo\u017en\u00e1 se tak\u00e9 m\u00e1lo kouk\u00e1me kolem sebe. V ka\u017ed\u00e9m m\u011bst\u011b, v ka\u017ed\u00e9 vesnici najdeme n\u011bco, s \u010d\u00edm pomohly fondy Evropsk\u00e9 unie. M\u016f\u017ee to b\u00fdt nov\u00e1 cyklostezka, n\u011bkdy opraven\u00e1 budova, nebo nov\u00fd park. Z Evropsk\u00e9 unie se daj\u00ed tak\u00e9 \u010derpat granty. Mnoho firem a podnik\u016f, kte\u0159\u00ed z\u00edskali dotace, a\u0165 u\u017e na v\u00fdvoj a v\u00fdzkum sv\u00fdch projekt\u016f, na ochranu \u017eivotn\u00ed prost\u0159ed\u00ed nebo na vzd\u011bl\u00e1v\u00e1n\u00ed.V\u00fdhody \u010dlenstv\u00ed v Evropsk\u00e9 unii ale m\u016f\u017eete poc\u00edtit i jako prost\u00fd ob\u010dan, proto\u017ee pokud jeden z rodi\u010d\u016f pracuje v zahrani\u010d\u00ed, nap\u0159. v N\u011bmecku, m\u016f\u017eete pob\u00edrat n\u011bmeck\u00e9 p\u0159\u00eddavky na d\u011bti. Pot\u0159ebujete k tomu je vyplnit spr\u00e1vn\u00e9 formul\u00e1\u0159e kindergeld https:\/\/www.preklady-nemeckeho-jazyka.cz\/kindergeld\/ a dolo\u017eit pot\u0159ebn\u00e9 dokumenty. Pokud si s t\u00edm nev\u00edte rady, jsou p\u0159ekladatelsk\u00e9 firmy, kter\u00e9 se na tuto problematiku zam\u011b\u0159uj\u00ed a r\u00e1di v\u00e1m s vypln\u011bn\u00edm pom\u016f\u017eou. Hlavn\u011b v\u00e1m pomohou p\u0159elo\u017eit, pokud bude t\u0159eba n\u011bco dodate\u010dn\u011b dolo\u017eit apod. Jsme \u010dlenem Evropsk\u00e9 unie, a to p\u0159in\u00e1\u0161\u00ed povinnosti, ale i pr\u00e1va a v\u00fdhody, jen je mus\u00edme um\u011bt z\u00edskat.                                                                                                                                                                                                                                                                                                                                                                                                  "},{"@context":"https:\/\/schema.org\/","@type":"BreadcrumbList","itemListElement":[{"@type":"ListItem","position":1,"name":"Jsme \u010dlenem EU","item":"https:\/\/www.mipem.cz\/jsme-clenem-eu\/#breadcrumbitem"}]}]