[{"@context":"https:\/\/schema.org\/","@type":"Article","@id":"https:\/\/www.mipem.cz\/aby-vas-to-v-nove-kuchyni-bavilo\/#Article","mainEntityOfPage":"https:\/\/www.mipem.cz\/aby-vas-to-v-nove-kuchyni-bavilo\/","headline":"Aby v\u00e1s to v nov\u00e9 kuchyni bavilo","name":"Aby v\u00e1s to v nov\u00e9 kuchyni bavilo","description":"Kdy\u017e jsem byl mal\u00fd kluk, st\u011bhovali jsme se do rodinn\u00e9ho domu ve venkovsk\u00e9 oblasti. D\u016fm m\u011bl k dispozici velkou zahradu a z kuchyn\u011b byl do t\u011bchto m\u00edst kr\u00e1sn\u00fd v\u00fdhled. Pod kuchy\u0148sk\u00fdm oknem byl pak k dispozici venkovn\u00ed j\u00eddeln\u00ed kout s posezen\u00edm a p\u0159\u00edjemn\u00fd pocit z konzumace pokrm\u016f umocnila zatravn\u011bn\u00e1 plocha s rododendrony a azalkami. V\u00fdhled ... <a href=\"https:\/\/www.mipem.cz\/aby-vas-to-v-nove-kuchyni-bavilo\/\" class=\"more-link\">P\u0159e\u010d\u00edst<span class=\"screen-reader-text\"> \"Aby v\u00e1s to v nov\u00e9 kuchyni bavilo\"<\/span> &raquo;<\/a>","datePublished":"2025-10-11","dateModified":"2025-10-11","author":{"@type":"Person","@id":"https:\/\/www.mipem.cz\/author\/devene\/#Person","name":"devene","url":"https:\/\/www.mipem.cz\/author\/devene\/","identifier":1,"image":{"@type":"ImageObject","@id":"https:\/\/secure.gravatar.com\/avatar\/1fd5b20daa9a47a1102459a7c733d369075d8cc724ab489feb8ed72c657d346e?s=96&d=mm&r=g","url":"https:\/\/secure.gravatar.com\/avatar\/1fd5b20daa9a47a1102459a7c733d369075d8cc724ab489feb8ed72c657d346e?s=96&d=mm&r=g","height":96,"width":96}},"publisher":{"@type":"Organization","name":"mipem.cz","logo":{"@type":"ImageObject","@id":"\/logo.png","url":"\/logo.png","width":600,"height":60}},"image":{"@type":"ImageObject","@id":"https:\/\/www.mipem.cz\/wp-content\/uploads\/meal-7707134_640_1.jpg","url":"https:\/\/www.mipem.cz\/wp-content\/uploads\/meal-7707134_640_1.jpg","height":0,"width":0},"url":"https:\/\/www.mipem.cz\/aby-vas-to-v-nove-kuchyni-bavilo\/","about":["Bydlen\u00ed"],"wordCount":490,"articleBody":"   Kdy\u017e jsem byl mal\u00fd kluk, st\u011bhovali jsme se do rodinn\u00e9ho domu ve venkovsk\u00e9 oblasti. D\u016fm m\u011bl k dispozici velkou zahradu a z kuchyn\u011b byl do t\u011bchto m\u00edst kr\u00e1sn\u00fd v\u00fdhled. Pod kuchy\u0148sk\u00fdm oknem byl pak k dispozici venkovn\u00ed j\u00eddeln\u00ed kout s posezen\u00edm a p\u0159\u00edjemn\u00fd pocit z konzumace pokrm\u016f umocnila zatravn\u011bn\u00e1 plocha s rododendrony a azalkami. V\u00fdhled z kuchyn\u011b na zahradu jsem vn\u00edmal jako p\u0159irozenou sou\u010d\u00e1st kultury bydlen\u00ed a neum\u00edm si p\u0159edstavit civ\u011bt z kuchyn\u011b n\u011bkam do betonu. T\u00edmto nar\u00e1\u017e\u00edm na fakt, \u017ee jestli\u017ee m\u00e1 n\u011bkdo mo\u017enost rekonstruovat nebo budovat kuchy\u0148 v rodinn\u00e9m dom\u011b \u010di rekrea\u010dn\u00ed nemovitosti, vyplat\u00ed se v\u011bnovat pozornost i v\u00fdhledu z okna. Kuchyn\u011b toti\u017e b\u00fdvaj\u00ed m\u00edstem, kde se tr\u00e1v\u00ed v\u00edce \u010dasu jak p\u0159\u00edpravou j\u00eddel, tak i jejich konzumac\u00ed u j\u00eddeln\u00edho stolu. A pochutn\u00e1vat si na skv\u011bl\u00e9m \u0161vestkov\u00e9m kol\u00e1\u010di s m\u00e1kem a sledovat z okna ptactvo v krm\u00edtku nebo veverku na strom\u011b je n\u011bco \u00fapln\u011b jin\u00e9ho ne\u017e pohled na \u0161edou ze\u010f zahradn\u00ed k\u016flny. N\u011bkdy m\u016f\u017ee p\u0159ij\u00edt vhod zm\u011bnit vnit\u0159n\u00ed dispozici v dom\u011b tak, aby v kuchyni byl lep\u0161\u00ed v\u00fdhled ne\u017e t\u0159eba z lo\u017enice, kde se stejn\u011b nejv\u00edce \u010dasu tr\u00e1v\u00ed ve\u010der po setm\u011bn\u00ed a v noci. Jist\u011b, \u017ee z\u00e1le\u017e\u00ed na osobn\u00edch preferenc\u00edch, n\u011bkdo se t\u0159eba v kuchyni pohybuje jen omezen\u00fd \u010das, kdy si jde do chladni\u010dky pro pomaz\u00e1nku k namaz\u00e1n\u00ed na chl\u00e9b a p\u0159\u00edprav\u011b tepl\u00fdch j\u00eddel se p\u0159\u00edli\u0161 nev\u011bnuje, ale kdo tr\u00e1v\u00ed v kuchyni v\u00edce \u010dasu, tomu by hezk\u00fd v\u00fdhled z okna mohl p\u0159ij\u00edt vhod.P\u0159izp\u016fsoben\u00ed tvaru a stylu kuchyn\u011b dan\u00e9mu prost\u0159ed\u00ed. Jestli\u017ee se n\u011bkdo rozhodne rekonstruovat \u010di vybudovat kuchyni, m\u011bl by tak\u00e9 zam\u011b\u0159it pozornost na rozm\u00edst\u011bn\u00ed a styl n\u00e1bytku. V prvn\u00ed \u0159ad\u011b si mus\u00ed ujasnit, jakou kuchyni v obytn\u00e9m prost\u0159ed\u00ed chce m\u00edt, zda to bude kuchyn\u011b rustik\u00e1ln\u00ed nebo t\u0159eba v minimalistick\u00e9m duchu. D\u00e1le bude zapot\u0159eb\u00ed rozhodnout, jak\u00fd tvar bude m\u00edt pracovn\u00ed plocha, zda p\u016fjde o kuchyni rovnou, anebo bude zhotovena do tvaru p\u00edsmene L \u010di p\u00edsmene U. P\u0159\u00edpadn\u011b bude-li kuchyn\u011b dopln\u011bn\u00e1 ostr\u016fvkem. V tomto sm\u011bru lze rekonstrukci \u010di v\u00fdstavbu kuchyn\u011b konzultovat nap\u0159\u00edklad s bytov\u00fdm architektem z Prahy, kter\u00fd m\u016f\u017ee b\u00fdt v mnoha sm\u011brech n\u00e1pomocn\u00fd. M\u016f\u017ee poradit s t\u00edm, \u010demu se vyhnout, m\u016f\u017ee navrhnout n\u011bco, o \u010dem nem\u00e1te ani tu\u0161en\u00ed, a m\u016f\u017ee p\u0159ij\u00edt s n\u00e1padem, kter\u00fd v\u00e1m ve fin\u00e1le p\u0159inese v\u00edce radosti.                                                                                                                                                                                                                                                                                                                                                                                                   "},{"@context":"https:\/\/schema.org\/","@type":"BreadcrumbList","itemListElement":[{"@type":"ListItem","position":1,"name":"Aby v\u00e1s to v nov\u00e9 kuchyni bavilo","item":"https:\/\/www.mipem.cz\/aby-vas-to-v-nove-kuchyni-bavilo\/#breadcrumbitem"}]}]